{"provider_url": "https://www.jacarezinho.pr.leg.br", "title": "Perguntas Frequentes", "html": "<p><img src=\"https://www.jacarezinho.pr.leg.br/imagens/faq-logo.png/image_thumb\" alt=\"FAQ\" class=\"image-right\" title=\"Faq Logo\" /></p>\r\n<h2>Perguntas</h2>\r\n<h3><a class=\"anchor-link\" href=\"#P1\" target=\"_self\" title=\"\">1. Qual o endere\u00e7o da C\u00e2mara Municipal de Jacarezinho?</a><br /><a class=\"anchor-link\" href=\"#P2\" target=\"_self\" title=\"\">2. Como posso interagir presencialmente, ou de forma eletr\u00f4nica, com a C\u00e2mara?</a><br /><a class=\"anchor-link\" href=\"#P3\" target=\"_self\" title=\"\">3. Qual o hor\u00e1rio de atendimento da C\u00e2mara Municipal?</a><br /><a class=\"anchor-link\" href=\"#P4\" target=\"_self\" title=\"\">4. Quando s\u00e3o realizadas as Sess\u00f5es Ordin\u00e1rias?</a><br /><a class=\"anchor-link\" href=\"#P5\" target=\"_self\" title=\"\">5. Como solicitar informa\u00e7\u00f5es?</a><br /><a class=\"anchor-link\" href=\"#P6\" target=\"_self\" title=\"\">6. Como chegar \u00e0 C\u00e2mara Municipal de Jacarezinho?</a><br /><a class=\"anchor-link\" href=\"#P7\" target=\"_self\" title=\"\">7. O que \u00e9 Legislatura?</a><br /><a class=\"anchor-link\" href=\"#P8\" target=\"_self\" title=\"\">8. O que \u00e9 Sess\u00e3o Legislativa?</a></h3>\r\n<p>\u00a0</p>\r\n<h2>Respostas</h2>\r\n<h3><a name=\"P1\"></a>1. Qual o endere\u00e7o da C\u00e2mara Municipal de Jacarezinho?</h3>\r\n<p><strong>Rua Coronel Baptista, n\u00ba 335 - 1\u00ba Andar - Centro - Jacarezinho - PR - CEP: 86.400-000 </strong><br /><strong>Telefone: (43) 3527-1919</strong></p>\r\n<h3><a name=\"P2\"></a>2. Como posso interagir presencialmente, ou de forma eletr\u00f4nica, com a C\u00e2mara?</h3>\r\n<p><strong>O acesso pode ser feito de duas maneiras: SIC F\u00edsico, ou E-SIC.</strong><br /><strong>SIC F\u00edsico: Localizado na Rua Coronel Baptista, n\u00ba 335 - 1\u00ba Andar - Centro - Jacarezinho - PR - CEP: 86.400-000. </strong><br /><strong>E-SIC: Forma de acesso eletr\u00f4nico disponibilizado no link Ouvidoria.</strong></p>\r\n<h3><a name=\"P3\"></a>3. Qual o hor\u00e1rio de atendimento da C\u00e2mara Municipal?</h3>\r\n<p><strong>Segunda a sexta-feira, das 8h \u00e0s 11h30 e das 13h \u00e0s 17h.</strong></p>\r\n<h3><a name=\"P4\"></a>4. Quando s\u00e3o realizadas as Sess\u00f5es Ordin\u00e1rias?</h3>\r\n<p><strong>Toda segunda-feira \u00e0s 19h no Plen\u00e1rio da C\u00e2mara Municipal.</strong></p>\r\n<h3><a name=\"P5\"></a>5. Como solicitar informa\u00e7\u00f5es?</h3>\r\n<p><strong>As informa\u00e7\u00f5es s\u00e3o solicitadas atrav\u00e9s do Servi\u00e7o de Informa\u00e7\u00e3o ao Cidad\u00e3o (SIC) / Ouvidoria.</strong></p>\r\n<p><strong>Os pedidos devem ser feitos pessoalmente, no SIC f\u00edsico da C\u00e2mara Municipal de Jacarezinho - PR, ou de forma eletr\u00f4nica, por meio do Sistema de Ouvidoria.</strong></p>\r\n<p><strong>Servi\u00e7o de Informa\u00e7\u00e3o ao Cidad\u00e3o:</strong><br /><strong>Rua Coronel Baptista, n\u00ba 335 - 1\u00ba Andar - Centro - Jacarezinho</strong><br /><strong>Telefone: (43) 3527-1919</strong></p>\r\n<h3><a name=\"P6\"></a>6. Como chegar \u00e0 C\u00e2mara Municipal de Jacarezinho?</h3>\r\n<p><strong>Rua Coronel Baptista, n\u00ba 335 - 1\u00ba Andar - Centro - Jacarezinho - PR</strong></p>\r\n<p><iframe src=\"https://www.google.com/maps/embed?pb=!1m18!1m12!1m3!1d2175.656987472404!2d-49.97418731752923!3d-23.159736037780366!2m3!1f0!2f0!3f0!3m2!1i1024!2i768!4f13.1!3m3!1m2!1s0x94c0265436dbc017%3A0x6563e1ef250f03f5!2sPODER%20LEGISLATIVO%20JACAREZINHO%20PR!5e1!3m2!1spt-BR!2sbr!4v1768589135775!5m2!1spt-BR!2sbr\" width=\"100%\" height=\"450\" allowfullscreen=\"\" style=\"\"></iframe></p>\r\n<h3><a name=\"P7\"></a>7. O que \u00e9 Legislatura?</h3>\r\n<p><strong>Corresponde a um per\u00edodo de 4 anos que coincide exatamente com a dura\u00e7\u00e3o do mandato dos vereadores. Tem in\u00edcio em 1\u00ba de janeiro do ano seguinte ao da elei\u00e7\u00e3o, quando se d\u00e1 a posse dos vereadores eleitos, e termina em 31 de dezembro do ano corrente \u00e0 elei\u00e7\u00e3o subsequente.</strong></p>\r\n<h3><a name=\"P8\"></a>8. O que \u00e9 Sess\u00e3o Legislativa?</h3>\r\n<p><strong>Corresponde ao per\u00edodo de trabalho parlamentar durante o ano. Divide-se em: Sess\u00e3o Legislativa Ordin\u00e1ria, Extraordin\u00e1ria, Especial e Solene. No Congresso Nacional a Sess\u00e3o Legislativa Ordin\u00e1ria inicia-se em 2 de fevereiro e encerra-se em 31 de dezembro, com recesso parlamentar de 17 a 31 de julho; com exce\u00e7\u00e3o do primeiro ano de Legislatura, que a Sess\u00e3o Legislativa Ordin\u00e1ria inicia-se em 1\u00ba de janeiro. No entanto, a Sess\u00e3o n\u00e3o ser\u00e1 interrompida enquanto n\u00e3o for aprovado o Projeto de Lei de Diretrizes Or\u00e7ament\u00e1rias pela C\u00e2mara Municipal. A Sess\u00e3o Legislativa Extraordin\u00e1ria ocorre, somente, quando houver convoca\u00e7\u00e3o extraordin\u00e1ria das autoridades competentes e somente para deliberar sobre mat\u00e9ria objeto da convoca\u00e7\u00e3o.</strong></p>", "author_name": "Interlegis", "version": "1.0", "author_url": "https://www.jacarezinho.pr.leg.br/author/Interlegis", "provider_name": "C\u00e2mara Municipal", "type": "rich"}