{
    "atos-administrativos": [
        {
            "creation_date": "2026-02-09T16:47:33-03:00", 
            "description": "", 
            "modification_date": "2026-02-09T16:47:41-03:00", 
            "title": "Portarias", 
            "uri": "https://www.jacarezinho.pr.leg.br/transparencia/atos-administrativos/portarias"
        }, 
        {
            "creation_date": "2026-02-26T13:50:31-03:00", 
            "description": "", 
            "modification_date": "2026-02-26T13:50:37-03:00", 
            "title": "Ordem de Servi\u00e7o", 
            "uri": "https://www.jacarezinho.pr.leg.br/transparencia/atos-administrativos/ordem-de-servico"
        }, 
        {
            "creation_date": "2026-02-26T14:01:51-03:00", 
            "description": "", 
            "modification_date": "2026-02-26T14:01:56-03:00", 
            "title": "Atos do Presidente", 
            "uri": "https://www.jacarezinho.pr.leg.br/transparencia/atos-administrativos/atos-do-presidente"
        }, 
        {
            "creation_date": "2026-02-26T14:10:51-03:00", 
            "description": "", 
            "modification_date": "2026-02-26T14:11:11-03:00", 
            "title": "Editais", 
            "uri": "https://www.jacarezinho.pr.leg.br/transparencia/atos-administrativos/editais"
        }
    ], 
    "licitacoes-e-contratos": [
        {
            "creation_date": "2026-01-26T10:16:49-03:00", 
            "description": "Aqui vc encontra todos os processo de Licita\u00e7\u00f5es realizados pela C\u00e2mara Municipal de Jacarezinho", 
            "modification_date": "2026-03-02T15:28:18-03:00", 
            "title": "Licita\u00e7\u00f5es da C\u00e2mara Municipal de Jacarezinho", 
            "uri": "https://www.jacarezinho.pr.leg.br/transparencia/licitacoes-e-contratos/licitacoes-da-camara-municipal-de-jacarezinho"
        }
    ], 
    "orcamento-e-financas": [
        {
            "creation_date": "2026-02-26T10:08:54-03:00", 
            "description": "", 
            "modification_date": "2026-03-02T15:26:04-03:00", 
            "title": "Or\u00e7amento", 
            "uri": "https://www.jacarezinho.pr.leg.br/transparencia/orcamento-e-financas/orcamento"
        }, 
        {
            "creation_date": "2026-02-26T10:19:10-03:00", 
            "description": "", 
            "file": {
                "filename": "PLE 167-2025.pdf", 
                "height": 0, 
                "size": 416035, 
                "uri": "https://www.jacarezinho.pr.leg.br/transparencia/orcamento-e-financas/loa/@@images/file", 
                "width": 0
            }, 
            "modification_date": "2026-02-26T10:19:10-03:00", 
            "title": "LOA", 
            "uri": "https://www.jacarezinho.pr.leg.br/transparencia/orcamento-e-financas/loa"
        }, 
        {
            "creation_date": "2026-02-26T10:05:36-03:00", 
            "description": "Estima a RECEITA e fixa a DESPESA do Munic\u00edpio de Jacarezinho para o Exerc\u00edcio Financeiro de 2026.", 
            "modification_date": "2026-02-26T10:05:46-03:00", 
            "title": "Lei Or\u00e7ament\u00e1ria", 
            "uri": "https://www.jacarezinho.pr.leg.br/transparencia/orcamento-e-financas/lei-orcamentaria"
        }
    ], 
    "parlamentares-e-gabinetes": [
        {
            "creation_date": "2025-05-27T14:35:42+00:00", 
            "description": "Publique aqui repasses, verbas indenizat\u00f3rias, cotas, subs\u00eddios, viagens e demais despesas dos parlamentares e seus gabinetes.", 
            "modification_date": "2025-05-27T14:35:42+00:00", 
            "title": "Parlamentares e Gabinetes", 
            "uri": "https://www.jacarezinho.pr.leg.br/transparencia/parlamentares-e-gabinetes/parlamentares-e-gabinetes"
        }, 
        {
            "creation_date": "2026-01-26T11:24:12-03:00", 
            "description": "", 
            "modification_date": "2026-02-26T13:16:43-03:00", 
            "title": "Vereadores 2025/2028", 
            "uri": "https://www.jacarezinho.pr.leg.br/transparencia/parlamentares-e-gabinetes/vereadores-2025-2028"
        }, 
        {
            "creation_date": "2026-01-26T11:32:22-03:00", 
            "description": "Aqui est\u00e3o dispon\u00edveis todas as despesas com: Di\u00e1rias - Passagens e Adiantamentos com viagens.", 
            "modification_date": "2026-01-26T11:32:34-03:00", 
            "title": "Despesas com viagens", 
            "uri": "https://www.jacarezinho.pr.leg.br/transparencia/parlamentares-e-gabinetes/despesas-com-viagens"
        }
    ], 
    "recursos-humanos": [
        {
            "creation_date": "2026-01-26T11:11:26-03:00", 
            "description": "Aqui voc\u00ea encontra todas as informa\u00e7\u00f5es relacionadas aos servidores do Poder Legislativo", 
            "modification_date": "2026-03-02T15:29:47-03:00", 
            "title": "Quadro de Pessoal", 
            "uri": "https://www.jacarezinho.pr.leg.br/transparencia/recursos-humanos/quadro-de-pessoal-1"
        }
    ]
}